{"id":6560,"date":"2022-10-10T12:50:31","date_gmt":"2022-10-10T10:50:31","guid":{"rendered":"https:\/\/emr-sb.de\/?p=6560"},"modified":"2022-10-10T12:50:31","modified_gmt":"2022-10-10T10:50:31","slug":"relaunch-emr-script-joerg-ukrow-kuenstliche-intelligenz-als-herausforderung-fuer-die-positive-medienordnung","status":"publish","type":"post","link":"https:\/\/emr-sb.de\/gb\/relaunch-emr-script-joerg-ukrow-kuenstliche-intelligenz-als-herausforderung-fuer-die-positive-medienordnung\/","title":{"rendered":"Relaunch EMR \/Script &#8211; J\u00f6rg Ukrow: &#8220;K\u00fcnstliche Intelligenz als Herausforderung f\u00fcr die positive Medienordnung&#8221;"},"content":{"rendered":"<p>K\u00fcnstliche Intelligenz (KI) wird international als Schl\u00fcsseltechnologie mit geopolitischer Relevanz betrachtet. KI birgt nicht nur ein enormes Potenzial in Bezug auf Optimierung bestehender und Generierung neuer Modelle auch medien\u00f6konomischer Wertsch\u00f6pfung. Damit einher gehen grundlegende Wertefragen vor allem im Verh\u00e4ltnis Mensch-Maschine \u2013 auch im Medien\u00f6kosystem. Die damit verbundenen medienfreiheits- und medienvielfaltsbezogenen Diskussionen um eine KI-Regulierung stehen weitgehend noch am Anfang. Allerdings l\u00e4sst sich ein f\u00fcr die positive Medienordnung als Teilelement bedeutsames KI-Recht der EU im Werden ebenso erkennen wie ein internationales Regelwerk zu Entwicklung, Einsatz und Einhegung von KI. Die Medienordnung hat hierauf bislang nur in Ans\u00e4tzen reagiert. Aktuell droht deshalb im Mehr-Ebenen-System der positiven Medienordnung eine unterkomplexe Regulierung von KI, bei der die demokratie- und vielfaltsgef\u00e4hrdenden Potentiale von KI-Anwendungen nicht hinreichend ber\u00fccksichtigt werden. Als neue, die anthropozentrierten Fundamente bisheriger Grundrechtsdogmatik ersch\u00fctternde Thematik k\u00f6nnte im \u00dcbrigen im Zuge exponentieller Fortschritte maschinellen Lernens f\u00fcr das nationale Verfassungs- wie das EU- und das internationale Menschenrechts- und humanit\u00e4re V\u00f6lkerrecht die Frage akut werden, ob auch KI einen <em>status activus<\/em> auf den verschiedenen Ebenen (auch) des medienbezogenen Grundrechtsschutzes erlangt. Nicht zuletzt stellen sich zudem auch bei der medienbezogenen KI-Regulierung Fragen sowohl nach der Bedeutung von Ko-Regulierung wie auch nach der verfahrensm\u00e4\u00dfigen Effektuierung der Durchsetzung von Gemeinwohlinteressen durch einen kooperativ ausgerichteten Regulierungs- und Aufsichtsverbund im Mehr-Ebenen-System der europ\u00e4ischen Werte- und Verantwortungsgemeinschaft.<\/p>\n<p>In der <a href=\"https:\/\/emr-sb.de\/publikationen\/emr-schriften\/das-emr-script\/\">Publikationsreihe \u201eEMR \/SCRIPT\u201c<\/a> ist soeben unter dem Titel \u201eK\u00fcnstliche Intelligenz als Herausforderung f\u00fcr die positive Medienordnung\u201c eine Monographie des gesch\u00e4ftsf\u00fchrenden Vorstandsmitglieds <strong><em>Dr. J\u00f6rg Ukrow, LL.M.Eur.<\/em><\/strong>\u00a0erschienen, die sich, ausgehend von der ersten Befassung des EuGH mit KI in seinem Urteil vom 21. Juni 2022 in der Rechtssache C-817\/19, <em>Ligue des droits humains<\/em>, mit diesen Aspekten und Fragen vertiefend befasst. Bei Gelegenheit dieser Publikation wurde die Reihe \u201eEMR\u00a0\/SCRIPT\u201c einem umfangreichen Relaunch unterzogen; sie erscheint zuk\u00fcnftig im dco-Verlag.<\/p>\n<p>Die Publikation (ISBN: 9783910513006) kann u.a. bestellt werden \u00fcber <a href=\"https:\/\/www.bod.de\/buchshop\/kuenstliche-intelligenz-ki-als-herausforderung-fuer-die-positive-medienordnung-joerg-ukrow-9783910513006\">https:\/\/www.bod.de\/buchshop\/kuenstliche-intelligenz-ki-als-herausforderung-fuer-die-positive-medienordnung-joerg-ukrow-9783910513006<\/a><\/p>\n<p>Eine Leseprobe zu der Publikation ist abrufbar unter <a href=\"https:\/\/www.bod.de\/booksample?json=http%3A%2F%2Fwww.bod.de%2Fgetjson.php%3Fobjk_id%3D3998276%26hash%3De5697662ee08160817e037c2b1dbcdc2\">https:\/\/www.bod.de\/booksample?json=http%3A%2F%2Fwww.bod.de%2Fgetjson.php%3Fobjk_id%3D3998276%26hash%3De5697662ee08160817e037c2b1dbcdc2<\/a><\/p>\n<p>Das Thema KI steht auch im Mittelpunkt der ersten Medientriennale S\u00fcdwest der Medienanstalten aus dem Saarland (LMS), Baden-W\u00fcrttemberg (LFK) und Rheinland-Pfalz mit dem Thema \u201eKI &amp; Medien gemeinsam gestalten\u201c am 12. Oktober 2022 in Saarbr\u00fccken. Unsere wissenschaftliche Referentin <strong><em>Christina Etteldorf<\/em><\/strong> wird dort unter dem Titel \u201eRechtliche Reaktion auf technische Evolution: Ein \u00dcberblick zum aktuellen Geschehen\u201c referieren.<\/p>\n<p>Informationen zur Veranstaltung sind abrufbar unter: <a href=\"https:\/\/eveeno.com\/medientriennalesuedwest\">https:\/\/eveeno.com\/medientriennalesuedwest<\/a><\/p>\n","protected":false},"excerpt":{"rendered":"<p>K\u00fcnstliche Intelligenz (KI) wird international als Schl\u00fcsseltechnologie mit geopolitischer Relevanz betrachtet. KI birgt nicht nur ein enormes Potenzial in Bezug auf Optimierung bestehender und Generierung neuer Modelle auch medien\u00f6konomischer Wertsch\u00f6pfung. Damit einher gehen grundlegende Wertefragen vor allem im Verh\u00e4ltnis Mensch-Maschine \u2013 auch im Medien\u00f6kosystem. Die damit verbundenen medienfreiheits- und medienvielfaltsbezogenen Diskussionen um eine KI-Regulierung stehen [&hellip;]<\/p>\n","protected":false},"author":1,"featured_media":6488,"comment_status":"closed","ping_status":"closed","sticky":false,"template":"","format":"standard","meta":{"_et_pb_use_builder":"","_et_pb_old_content":"","_et_gb_content_width":"","footnotes":""},"categories":[3,1,356,221],"tags":[],"class_list":["post-6560","post","type-post","status-publish","format-standard","has-post-thumbnail","hentry","category-aktuelle-meldung","category-aktuelles","category-juengste-veroeffentlichungen","category-telemedienrecht","et-has-post-format-content","et_post_format-et-post-format-standard"],"translation":{"provider":"WPGlobus","version":"3.0.2","language":"gb","enabled_languages":["de","fr","gb"],"languages":{"de":{"title":true,"content":true,"excerpt":false},"fr":{"title":false,"content":false,"excerpt":false},"gb":{"title":false,"content":false,"excerpt":false}}},"_links":{"self":[{"href":"https:\/\/emr-sb.de\/gb\/wp-json\/wp\/v2\/posts\/6560","targetHints":{"allow":["GET"]}}],"collection":[{"href":"https:\/\/emr-sb.de\/gb\/wp-json\/wp\/v2\/posts"}],"about":[{"href":"https:\/\/emr-sb.de\/gb\/wp-json\/wp\/v2\/types\/post"}],"author":[{"embeddable":true,"href":"https:\/\/emr-sb.de\/gb\/wp-json\/wp\/v2\/users\/1"}],"replies":[{"embeddable":true,"href":"https:\/\/emr-sb.de\/gb\/wp-json\/wp\/v2\/comments?post=6560"}],"version-history":[{"count":3,"href":"https:\/\/emr-sb.de\/gb\/wp-json\/wp\/v2\/posts\/6560\/revisions"}],"predecessor-version":[{"id":6564,"href":"https:\/\/emr-sb.de\/gb\/wp-json\/wp\/v2\/posts\/6560\/revisions\/6564"}],"wp:featuredmedia":[{"embeddable":true,"href":"https:\/\/emr-sb.de\/gb\/wp-json\/wp\/v2\/media\/6488"}],"wp:attachment":[{"href":"https:\/\/emr-sb.de\/gb\/wp-json\/wp\/v2\/media?parent=6560"}],"wp:term":[{"taxonomy":"category","embeddable":true,"href":"https:\/\/emr-sb.de\/gb\/wp-json\/wp\/v2\/categories?post=6560"},{"taxonomy":"post_tag","embeddable":true,"href":"https:\/\/emr-sb.de\/gb\/wp-json\/wp\/v2\/tags?post=6560"}],"curies":[{"name":"wp","href":"https:\/\/api.w.org\/{rel}","templated":true}]}}