{"id":6697,"date":"2023-03-01T14:22:36","date_gmt":"2023-03-01T13:22:36","guid":{"rendered":"https:\/\/emr-sb.de\/?p=6697"},"modified":"2023-09-06T11:56:56","modified_gmt":"2023-09-06T09:56:56","slug":"executive-summary-veroeffentlicht-future-regulation-of-cross-border-audiovisual-content-dissemination","status":"publish","type":"post","link":"https:\/\/emr-sb.de\/gb\/executive-summary-veroeffentlicht-future-regulation-of-cross-border-audiovisual-content-dissemination\/","title":{"rendered":"Executive Summary ver\u00f6ffentlicht: Future Regulation of Cross-border Audiovisual Content Dissemination"},"content":{"rendered":"<p>&#8220;Die Realit\u00e4t der grenz\u00fcberschreitenden Verbreitung audiovisueller Inhalte erfordert eine effektive Gesetzgebung und Rechtsdurchsetzung zur Bek\u00e4mpfung von Hass und Gewalt, Propaganda und Desinformation, Kinder- und Jugendgef\u00e4hrdung sowie weiteren problematischen Ph\u00e4nomenen. Die durch Grundrechte und Grundwerte der Europ\u00e4ischen Union abgesicherte Rechtsstellung der Unionsb\u00fcrgerinnen und -b\u00fcrger ist dabei Ma\u00dfstab und Zielsetzung und bedingt ein sicheres, freies und vielf\u00e4ltiges Medienumfeld, das unabh\u00e4ngig von der Art seiner Gef\u00e4hrdung, dem Ursprung oder dem Verbreitungsweg gef\u00e4hrdender illegaler und sch\u00e4dlicher Inhalte gerade im Online-Umfeld gesichert wird&#8221;.<\/p>\n<p>Von dieser Pr\u00e4misse geht die neuste Studie aus dem EMR im Auftrag der Landesanstalt f\u00fcr Medien NRW aus, deren Executive Summary heute ver\u00f6ffentlicht wurde. Die AutorInnen Prof. Dr. Mark D. Cole, wissenschaftlicher Direktor des EMR, und Christina Etteldorf, wissenschaftliche Referentin des EMR, analysieren, ob der aktuell geltende Rechtsrahmen \u00fcber die grenz\u00fcberschreitende Verbreitung audiovisueller Inhalte dieser Pr\u00e4misse (noch) gerecht wird. Im Fokus steht dabei vor allem das Herkunftslandprinzip aus der AVMD-Richtlinie und sein Zusammenspiel mit anderen bestehenden und vorgeschlagenen Rechtsakten der Union, insbesondere auch dem j\u00fcngsten Vorschlag f\u00fcr einen European Media Freedom Act.\u00a0<\/p>\n<p>Ziel der Studie ist es, die bestehenden und k\u00fcnftigen Herausforderungen der Regulierung grenz\u00fcberschreitend verbreiteter audiovisueller Inhalte aufzuzeigen und sie L\u00f6sungsvorschl\u00e4gen zuzuf\u00fchren. Ausgangspunkt ist dabei eine eingehende Analyse der relevanten Regeln der AVMD-RL, was ihren Anwendungsbereich, insbesondere das in ihr verankerte Herkunftslandprinzip, sowie das institutionelle Gef\u00fcge betrifft. Diese werden im Lichte der grenz\u00fcberschreitenden Rechtsdurchsetzungsm\u00f6glichkeiten und der mitgliedstaatlichen M\u00f6glichkeiten zu tempor\u00e4ren Abweichungen vom Herkunftslandprinzip (Art. 3) und dem Umgehungsverbot bei Vorliegen strengerer Regeln (Art. 4) betrachtet. Dabei werden die Kooperationsstrukturen der Regulierungseinrichtungen innerhalb der Gruppe der europ\u00e4ischen Regulierungsbeh\u00f6rden f\u00fcr audiovisuelle Mediendienste (ERGA) intensiv beleuchtet und mit anderen institutionellen Systemen verglichen. Hierbei ermittelte Problemlagen, illustriert durch Beispielszenarien, werden anschlie\u00dfend entlang unterschiedlichen L\u00f6sungsans\u00e4tzen untersucht, um Ableitungen zu erm\u00f6glichen, welche Schritte zuk\u00fcnftig gegangen werden sollten. Die Studie schlie\u00dft daher mit schlussfolgernden Erw\u00e4gungen, die sowohl bei der Weitergeltung bestehender als auch aktuell vorgeschlagener oder anzustrebender Regulierung im Hinblick auf die Gew\u00e4hrleistung einer effektiven Rechtsdurchsetzung bei der grenz\u00fcberschreitenden Verbreitung audiovisueller Inhalte zu beachten sind.<\/p>\n<p>Eine Ver\u00f6ffentlichung der Studie ist noch f\u00fcr dieses Jahr innerhalb der Schriftenreihe Medienforschung der Landesanstalt f\u00fcr Medien NRW geplant. Diese wird Open Acces zur Verf\u00fcgung stehen.\u00a0<\/p>\n<p>Eine ausf\u00fchrliche Executive Summary ist in <a href=\"https:\/\/www.medienanstalt-nrw.de\/fileadmin\/user_upload\/NeueWebsite_0120\/Presse\/Pressemitteilung\/Gutachten_ExSum_lang_DE_Cole_2023.pdf\" class=\"mtli_attachment mtli_pdf\" target=\"_blank\" rel=\"noopener\">deutscher Sprache<\/a> und in <a href=\"https:\/\/www.medienanstalt-nrw.de\/fileadmin\/user_upload\/NeueWebsite_0120\/Presse\/Pressemitteilung\/Gutachten_ExSum_lang_EN_Cole_2023.pdf\" class=\"mtli_attachment mtli_pdf\" target=\"_blank\" rel=\"noopener\">englischer Sprache<\/a> bereits jetzt auf der Webseite der Landesanstalt f\u00fcr Medien NRW abrufbar. Zudem stehen dort auch kurze Zusammenfassungen der Ergebnisse in <a href=\"https:\/\/www.medienanstalt-nrw.de\/fileadmin\/user_upload\/NeueWebsite_0120\/Presse\/Pressemitteilung\/Gutachten_ExSum_kurz_DE_Cole_2023.pdf\" class=\"mtli_attachment mtli_pdf\" target=\"_blank\" rel=\"noopener\">deutscher Sprache<\/a> und in <a href=\"https:\/\/www.medienanstalt-nrw.de\/fileadmin\/user_upload\/NeueWebsite_0120\/Presse\/Pressemitteilung\/Gutachten_ExSum_kurz_EN_Cole_2023.pdf\" class=\"mtli_attachment mtli_pdf\" target=\"_blank\" rel=\"noopener\">englischer Sprache<\/a> zum Abruf bereit.\u00a0<\/p>\n<p><a href=\"https:\/\/www.medienanstalt-nrw.de\/presse\/pressemitteilungen\/pressemitteilungen-2023\/default-19e9b2687c\/default-7875917a0d\/viele-gesetzesinitiativen-ein-ziel-europaeische-demokratische-standards-in-medien-schuetzen.html\" target=\"_blank\" rel=\"noopener\">Hier geht es zur Pressemitteilung<\/a> der Landesanstalt f\u00fcr Medien NRW.<\/p>\n<div class='et-box et-download'>\n\t\t\t\t\t<div class='et-box-content'><ul class=\"downloads\">\n<li><a title=\"Executive Summary zum Gutachten \" href=\"https:\/\/www.medienanstalt-nrw.de\/fileadmin\/user_upload\/NeueWebsite_0120\/Presse\/Pressemitteilung\/Gutachten_ExSum_lang_DE_Cole_2023.pdf\" class=\"mtli_attachment mtli_pdf\" target=\"_blank\" rel=\"noopener\">Executive Summary zum Gutachten &#8220;Grenz\u00fcberschreitende Rechtsdurchsetzung&#8221;, Deutsch<\/a>\u00a0\u00a0<span class=\"info\">[pdf, 714 KB]<\/span><\/li>\n<li><a title=\"Executive Summary zum Gutachten \" href=\"https:\/\/www.medienanstalt-nrw.de\/fileadmin\/user_upload\/NeueWebsite_0120\/Presse\/Pressemitteilung\/Gutachten_ExSum_lang_EN_Cole_2023.pdf\" class=\"mtli_attachment mtli_pdf\" target=\"_blank\" rel=\"noopener\">Executive Summary zum Gutachten &#8220;Grenz\u00fcberschreitende Rechtsdurchsetzung&#8221;, Englisch<\/a>\u00a0\u00a0<span class=\"info\">[pdf, 704 KB]<\/span><\/li>\n<li><a title=\"Factsheet zum Gutachten \" href=\"https:\/\/www.medienanstalt-nrw.de\/fileadmin\/user_upload\/NeueWebsite_0120\/Presse\/Pressemitteilung\/Gutachten_ExSum_kurz_DE_Cole_2023.pdf\" class=\"mtli_attachment mtli_pdf\" target=\"_blank\" rel=\"noopener\">Factsheet zum Gutachten &#8220;Grenz\u00fcberschreitende Rechtsdurchsetzung&#8221;, Deutsch<\/a>\u00a0\u00a0<span class=\"info\">[pdf, 607 KB]<\/span><\/li>\n<li><a title=\"Factsheet zum Gutachten \" href=\"https:\/\/www.medienanstalt-nrw.de\/fileadmin\/user_upload\/NeueWebsite_0120\/Presse\/Pressemitteilung\/Gutachten_ExSum_kurz_EN_Cole_2023.pdf\" class=\"mtli_attachment mtli_pdf\" target=\"_blank\" rel=\"noopener\">Factsheet zum Gutachten &#8220;Grenz\u00fcberschreitende Rechtsdurchsetzung&#8221;, Englisch<\/a>\u00a0\u00a0<span class=\"info\">[pdf, 605 KB]<\/span><\/li>\n<\/ul><\/div><\/div>\n","protected":false},"excerpt":{"rendered":"<p>&#8220;Die Realit\u00e4t der grenz\u00fcberschreitenden Verbreitung audiovisueller Inhalte erfordert eine effektive Gesetzgebung und Rechtsdurchsetzung zur Bek\u00e4mpfung von Hass und Gewalt, Propaganda und Desinformation, Kinder- und Jugendgef\u00e4hrdung sowie weiteren problematischen Ph\u00e4nomenen. Die durch Grundrechte und Grundwerte der Europ\u00e4ischen Union abgesicherte Rechtsstellung der Unionsb\u00fcrgerinnen und -b\u00fcrger ist dabei Ma\u00dfstab und Zielsetzung und bedingt ein sicheres, freies und vielf\u00e4ltiges [&hellip;]<\/p>\n","protected":false},"author":4,"featured_media":6700,"comment_status":"closed","ping_status":"closed","sticky":false,"template":"","format":"standard","meta":{"_et_pb_use_builder":"","_et_pb_old_content":"","_et_gb_content_width":"","footnotes":""},"categories":[3,1,24,395,387,356,220],"tags":[],"class_list":["post-6697","post","type-post","status-publish","format-standard","has-post-thumbnail","hentry","category-aktuelle-meldung","category-aktuelles","category-av-mediendienste","category-emfa","category-gutachten","category-juengste-veroeffentlichungen","category-rundfunkrecht","et-has-post-format-content","et_post_format-et-post-format-standard"],"translation":{"provider":"WPGlobus","version":"3.0.2","language":"gb","enabled_languages":["de","fr","gb"],"languages":{"de":{"title":true,"content":true,"excerpt":false},"fr":{"title":false,"content":false,"excerpt":false},"gb":{"title":false,"content":false,"excerpt":false}}},"_links":{"self":[{"href":"https:\/\/emr-sb.de\/gb\/wp-json\/wp\/v2\/posts\/6697","targetHints":{"allow":["GET"]}}],"collection":[{"href":"https:\/\/emr-sb.de\/gb\/wp-json\/wp\/v2\/posts"}],"about":[{"href":"https:\/\/emr-sb.de\/gb\/wp-json\/wp\/v2\/types\/post"}],"author":[{"embeddable":true,"href":"https:\/\/emr-sb.de\/gb\/wp-json\/wp\/v2\/users\/4"}],"replies":[{"embeddable":true,"href":"https:\/\/emr-sb.de\/gb\/wp-json\/wp\/v2\/comments?post=6697"}],"version-history":[{"count":5,"href":"https:\/\/emr-sb.de\/gb\/wp-json\/wp\/v2\/posts\/6697\/revisions"}],"predecessor-version":[{"id":6704,"href":"https:\/\/emr-sb.de\/gb\/wp-json\/wp\/v2\/posts\/6697\/revisions\/6704"}],"wp:featuredmedia":[{"embeddable":true,"href":"https:\/\/emr-sb.de\/gb\/wp-json\/wp\/v2\/media\/6700"}],"wp:attachment":[{"href":"https:\/\/emr-sb.de\/gb\/wp-json\/wp\/v2\/media?parent=6697"}],"wp:term":[{"taxonomy":"category","embeddable":true,"href":"https:\/\/emr-sb.de\/gb\/wp-json\/wp\/v2\/categories?post=6697"},{"taxonomy":"post_tag","embeddable":true,"href":"https:\/\/emr-sb.de\/gb\/wp-json\/wp\/v2\/tags?post=6697"}],"curies":[{"name":"wp","href":"https:\/\/api.w.org\/{rel}","templated":true}]}}