{"id":6956,"date":"2024-02-14T10:22:04","date_gmt":"2024-02-14T09:22:04","guid":{"rendered":"https:\/\/emr-sb.de\/?p=6956"},"modified":"2024-02-14T10:22:04","modified_gmt":"2024-02-14T09:22:04","slug":"mark-cole-zum-dsa-und-zur-reform-des-oeffentlich-rechtlichen-rundfunks-im-medien-podcast-laeuft","status":"publish","type":"post","link":"https:\/\/emr-sb.de\/gb\/mark-cole-zum-dsa-und-zur-reform-des-oeffentlich-rechtlichen-rundfunks-im-medien-podcast-laeuft\/","title":{"rendered":"Mark Cole zum DSA und zur Reform des \u00f6ffentlich-rechtlichen Rundfunks im Medien-Podcast &#8220;L\u00e4uft&#8221;"},"content":{"rendered":"<p>Prof. Dr. Mark D. Cole, Wissenschaftlicher Direktor des EMR, spricht in der 29. Episode des Medien-Podcasts &#8220;L\u00e4uft &#8211;\u00a0Die Programmschau von epd medien und Grimme-Institut&#8221; vom 13. Februar 2024 dar\u00fcber &#8220;Was der Digital Services Act f\u00fcr Medien und Nutzer bedeutet&#8221;. In der neuen Verordnung, die am 17. Februar 2024 final f\u00fcr alle darin adressierten Akteure Anwendung findet, sieht er einen wichtigen Schritt zur Bek\u00e4mpfung von Hass und Desinformation im Online-Bereich. Dabei spricht er aber auch kommende Herausforderungen, wie insbesondere die Ausgestaltung der Aufsicht in den Mitgliedstaaten, sowie Konkretisierungsbedarf an, die sich aus dem horizontalen Regulierungsansatz des DSA ergeben. Ein gro\u00dfes Thema f\u00fcr Cole ist dabei auch die Frage, was der DSA f\u00fcr die Vermittlung von medialen Inhalten bedeutet, insbesondere wie Plattformen in der Moderation mit diesen umgehen. In dem Zusammenhang weist er auch auf das im European Media Freedom Act vorgesehene &#8220;Medienprivileg&#8221; innerhalb von sehr gro\u00dfen Online-Plattformen hin.\u00a0<\/p>\n<div class='et-box et-shadow'>\n\t\t\t\t\t<div class='et-box-content'>Die 29. Episode des Podcasts &#8220;L\u00e4uft&#8221; vom 13. Februar 2024\u00a0kann <span style=\"color: #0000ff;\"><a style=\"color: #0000ff;\" href=\"https:\/\/laeuft-programmschau.podigee.io\/29-29-was-der-digital-services-act-fur-medien-und-nutzer-bedeutet\" target=\"_blank\" rel=\"noopener\">hier<\/a>\u00a0<\/span>abgerufen werden.\u00a0<\/div><\/div>\n<p>In der Bonusepisode vom 14. Februar 2024 \u00e4u\u00dfert sich Cole au\u00dferdem zur Reform des \u00f6ffentlich-rechtlichen Rundfunks. Hintergrund ist seine Beteiligung am Zukunftsrat, der j\u00fcngst seine Reform\u00fcberlegungen vorgestellt hatte, die auch von der Rundfunkkommission bei ihren Erw\u00e4gungen bereits aufgegriffen wurden.\u00a0<\/p>\n<div class='et-box et-shadow'>\n\t\t\t\t\t<div class='et-box-content'>Die Bonusepisode des Podcasts &#8220;L\u00e4uft&#8221; vom 14. Februar 2024 kann <span style=\"color: #0000ff;\"><a style=\"color: #0000ff;\" href=\"https:\/\/laeuft-programmschau.podigee.io\/b1-bonus-mark-cole-zur-reform-von-ard-und-zdf\" target=\"_blank\" rel=\"noopener\">hier<\/a>\u00a0<\/span>abgerufen werden.\u00a0<\/div><\/div>\n","protected":false},"excerpt":{"rendered":"<p>Prof. Dr. Mark D. Cole, Wissenschaftlicher Direktor des EMR, spricht in der 29. Episode des Medien-Podcasts &#8220;L\u00e4uft &#8211;\u00a0Die Programmschau von epd medien und Grimme-Institut&#8221; vom 13. Februar 2024 dar\u00fcber &#8220;Was der Digital Services Act f\u00fcr Medien und Nutzer bedeutet&#8221;. In der neuen Verordnung, die am 17. Februar 2024 final f\u00fcr alle darin adressierten Akteure Anwendung [&hellip;]<\/p>\n","protected":false},"author":4,"featured_media":5124,"comment_status":"closed","ping_status":"closed","sticky":false,"template":"","format":"standard","meta":{"_et_pb_use_builder":"","_et_pb_old_content":"","_et_gb_content_width":"","footnotes":""},"categories":[3,1,24,219,221],"tags":[],"class_list":["post-6956","post","type-post","status-publish","format-standard","has-post-thumbnail","hentry","category-aktuelle-meldung","category-aktuelles","category-av-mediendienste","category-kommerzielle-kommunikation","category-telemedienrecht","et-has-post-format-content","et_post_format-et-post-format-standard"],"translation":{"provider":"WPGlobus","version":"3.0.2","language":"gb","enabled_languages":["de","fr","gb"],"languages":{"de":{"title":true,"content":true,"excerpt":false},"fr":{"title":false,"content":false,"excerpt":false},"gb":{"title":false,"content":false,"excerpt":false}}},"_links":{"self":[{"href":"https:\/\/emr-sb.de\/gb\/wp-json\/wp\/v2\/posts\/6956","targetHints":{"allow":["GET"]}}],"collection":[{"href":"https:\/\/emr-sb.de\/gb\/wp-json\/wp\/v2\/posts"}],"about":[{"href":"https:\/\/emr-sb.de\/gb\/wp-json\/wp\/v2\/types\/post"}],"author":[{"embeddable":true,"href":"https:\/\/emr-sb.de\/gb\/wp-json\/wp\/v2\/users\/4"}],"replies":[{"embeddable":true,"href":"https:\/\/emr-sb.de\/gb\/wp-json\/wp\/v2\/comments?post=6956"}],"version-history":[{"count":2,"href":"https:\/\/emr-sb.de\/gb\/wp-json\/wp\/v2\/posts\/6956\/revisions"}],"predecessor-version":[{"id":6958,"href":"https:\/\/emr-sb.de\/gb\/wp-json\/wp\/v2\/posts\/6956\/revisions\/6958"}],"wp:featuredmedia":[{"embeddable":true,"href":"https:\/\/emr-sb.de\/gb\/wp-json\/wp\/v2\/media\/5124"}],"wp:attachment":[{"href":"https:\/\/emr-sb.de\/gb\/wp-json\/wp\/v2\/media?parent=6956"}],"wp:term":[{"taxonomy":"category","embeddable":true,"href":"https:\/\/emr-sb.de\/gb\/wp-json\/wp\/v2\/categories?post=6956"},{"taxonomy":"post_tag","embeddable":true,"href":"https:\/\/emr-sb.de\/gb\/wp-json\/wp\/v2\/tags?post=6956"}],"curies":[{"name":"wp","href":"https:\/\/api.w.org\/{rel}","templated":true}]}}