{"id":7118,"date":"2024-05-31T10:46:22","date_gmt":"2024-05-31T08:46:22","guid":{"rendered":"https:\/\/emr-sb.de\/?p=7118"},"modified":"2024-05-31T10:46:22","modified_gmt":"2024-05-31T08:46:22","slug":"beitrag-zum-emfa-von-stephan-ory-und-sven-braun-in-mediendiskurs-veroeffentlicht","status":"publish","type":"post","link":"https:\/\/emr-sb.de\/gb\/beitrag-zum-emfa-von-stephan-ory-und-sven-braun-in-mediendiskurs-veroeffentlicht\/","title":{"rendered":"Beitrag zum EMFA von Stephan Ory und Sven Braun in mediendiskurs ver\u00f6ffentlicht"},"content":{"rendered":"<p>\u201eEuropean Media Freedom Act zur St\u00e4rkung der Medienfreiheit in Europa\u201d \u2013 unter diesem Titel geben <strong>Prof. Dr. Stephan Ory<\/strong>, Direktor des EMR, und <strong>Sven Braun<\/strong>, wissenschaftlicher Mitarbeiter am EMR, in der 108. Ausgabe der mediendiskurs einen <strong>\u00dcberblick \u00fcber den European Media Freedom Act<\/strong> (EMFA).<\/p>\n<p>Der Beitrag fasst die Ziele und Regelungen des EMFA zusammen. Mit dem EMFA m\u00f6chte die Europ\u00e4ische Union den Mediensektor dabei unterst\u00fctzen, die gemeinsamen europ\u00e4ischen Werte wie Menschenw\u00fcrde, Demokratie und Menschenrechte zu wahren. Dabei geht der EMFA <strong>vier Kernbereiche<\/strong> an:<\/p>\n<ol>\n<li>Die <strong>F\u00f6rderung<\/strong> grenz\u00fcberschreitender T\u00e4tigkeiten und Investitionen in Medien<\/li>\n<li><strong>Nachvollziehbarkeit<\/strong> staatlicher Werbeausgaben f\u00fcr eine gerechte Verteilung wirtschaftlicher Ressourcen<\/li>\n<li><strong>Schutz redaktioneller Freiheit<\/strong> vor politischer Einflussnahme<\/li>\n<li>Intensivierung der Zusammenarbeit von <strong>Regulierungsbeh\u00f6rden auf EU-Ebene<\/strong><\/li>\n<\/ol>\n<p>Erst in der praktischen Anwendung wird sich zeigen, so Ory und Braun, ob die intendierten Ziele des EMFA effektiv erreicht werden k\u00f6nnen. Zudem ist insbesondere das Verh\u00e4ltnis des EMFA zu weiteren europ\u00e4ischen Reglungen wie dem Digital Services Act, der Onlineplattformen reguliert und vom EMFA \u201eunber\u00fchrt\u201c bleiben soll, sowie das Verh\u00e4ltnis zur AVMD-Richtlinie \u2013 etwa mit Blick auf Regelungen zur Auffindbarkeit von Inhalten in Benutzeroberfl\u00e4chen, weiter zu pr\u00fcfen.<\/p>\n<p>Den Beitrag von Prof. Dr. Stephan Ory und Sven Braun finden Sie auf der <a href=\"https:\/\/mediendiskurs.online\/beitrag\/european-media-freedom-act-zur-staerkung-der-medienfreiheit-in-europa-beitrag-1190\/\">Webseite von mediendiskurs<\/a> sowie in der Printausgabe mediendiskurs: 28. Jg., 2\/2024 (Ausgabe 108), S.\u00a082-87.<\/p>\n","protected":false},"excerpt":{"rendered":"<p>\u201eEuropean Media Freedom Act zur St\u00e4rkung der Medienfreiheit in Europa\u201d \u2013 unter diesem Titel geben Prof. Dr. Stephan Ory, Direktor des EMR, und Sven Braun, wissenschaftlicher Mitarbeiter am EMR, in der 108. Ausgabe der mediendiskurs einen \u00dcberblick \u00fcber den European Media Freedom Act (EMFA). Der Beitrag fasst die Ziele und Regelungen des EMFA zusammen. Mit [&hellip;]<\/p>\n","protected":false},"author":1,"featured_media":7119,"comment_status":"closed","ping_status":"closed","sticky":false,"template":"","format":"standard","meta":{"_et_pb_use_builder":"","_et_pb_old_content":"","_et_gb_content_width":"","footnotes":""},"categories":[3,1,395],"tags":[],"class_list":["post-7118","post","type-post","status-publish","format-standard","has-post-thumbnail","hentry","category-aktuelle-meldung","category-aktuelles","category-emfa","et-has-post-format-content","et_post_format-et-post-format-standard"],"translation":{"provider":"WPGlobus","version":"3.0.2","language":"gb","enabled_languages":["de","fr","gb"],"languages":{"de":{"title":true,"content":true,"excerpt":false},"fr":{"title":false,"content":false,"excerpt":false},"gb":{"title":false,"content":false,"excerpt":false}}},"_links":{"self":[{"href":"https:\/\/emr-sb.de\/gb\/wp-json\/wp\/v2\/posts\/7118","targetHints":{"allow":["GET"]}}],"collection":[{"href":"https:\/\/emr-sb.de\/gb\/wp-json\/wp\/v2\/posts"}],"about":[{"href":"https:\/\/emr-sb.de\/gb\/wp-json\/wp\/v2\/types\/post"}],"author":[{"embeddable":true,"href":"https:\/\/emr-sb.de\/gb\/wp-json\/wp\/v2\/users\/1"}],"replies":[{"embeddable":true,"href":"https:\/\/emr-sb.de\/gb\/wp-json\/wp\/v2\/comments?post=7118"}],"version-history":[{"count":2,"href":"https:\/\/emr-sb.de\/gb\/wp-json\/wp\/v2\/posts\/7118\/revisions"}],"predecessor-version":[{"id":7121,"href":"https:\/\/emr-sb.de\/gb\/wp-json\/wp\/v2\/posts\/7118\/revisions\/7121"}],"wp:featuredmedia":[{"embeddable":true,"href":"https:\/\/emr-sb.de\/gb\/wp-json\/wp\/v2\/media\/7119"}],"wp:attachment":[{"href":"https:\/\/emr-sb.de\/gb\/wp-json\/wp\/v2\/media?parent=7118"}],"wp:term":[{"taxonomy":"category","embeddable":true,"href":"https:\/\/emr-sb.de\/gb\/wp-json\/wp\/v2\/categories?post=7118"},{"taxonomy":"post_tag","embeddable":true,"href":"https:\/\/emr-sb.de\/gb\/wp-json\/wp\/v2\/tags?post=7118"}],"curies":[{"name":"wp","href":"https:\/\/api.w.org\/{rel}","templated":true}]}}