{"id":7203,"date":"2024-12-06T09:43:47","date_gmt":"2024-12-06T08:43:47","guid":{"rendered":"https:\/\/emr-sb.de\/?p=7203"},"modified":"2024-12-06T09:43:47","modified_gmt":"2024-12-06T08:43:47","slug":"iris-spezial-zum-emfa-veroeffentlicht","status":"publish","type":"post","link":"https:\/\/emr-sb.de\/gb\/iris-spezial-zum-emfa-veroeffentlicht\/","title":{"rendered":"IRIS Spezial zum EMFA ver\u00f6ffentlicht"},"content":{"rendered":"<p>P\u00fcnktlich zum Jahresende 2024 wurde die neuste IRIS Spezial mit dem Titel &#8220;<a href=\"https:\/\/rm.coe.int\/das-europaische-medienfreiheitsgesetz-und-seine-bedeutung\/1680b2a0a0\" target=\"_blank\" rel=\"noopener\">Das Europ\u00e4ische Medienfreiheitsgesetz und seine Bedeutung<\/a>&#8221; (in der englischen Fassung &#8220;<a href=\"https:\/\/rm.coe.int\/iris-2024-6-emfa-unfolded-en\/1680b2a0a1\" target=\"_blank\" rel=\"noopener\">The European Media Freedom Act unpacked<\/a>&#8221; und in der franz\u00f6sischen Fassung &#8220;<a href=\"https:\/\/rm.coe.int\/le-reglement-europeen-sur-la-liberte-des-medias-a-la-loupe\/1680b2a1f5\" target=\"_blank\" rel=\"noopener\">Le r\u00e8glement europ\u00e9en sur la libert\u00e9 des m\u00e9dias \u00e0 la loupe<\/a>&#8220;) ver\u00f6ffentlicht. Im Rahmen seiner Partnerschaft mit der Europ\u00e4ischen Audiovisuellen Informationsstelle, die Herausgeber der Reihe ist, wurde diese Ausgabe federf\u00fchrend vom EMR betreut und von Prof. Dr. Mark D. Cole, wissenschaftlicher Direktor des EMR, und Christina Etteldorf, wissenschaftliche Referentin am EMR, verfasst.\u00a0<\/p>\n<p>Die Autoren werfen einen eingehenden Blick auf das 2024 in Kraft getretene Europ\u00e4ische Medienfreiheitsgesetz &#8211; bzw. offiziell die Verordnung (EU) 2024\/1083 &#8211; und stellen dessen wesentliche Inhalte vor. Die Publikation \u00f6ffnet nach einer kurzen Einleitung mit einer Betrachtung der Rechtsgrundlage der Binnenmarktklausel vor dem Hintergrund der Kulturpr\u00e4gung der Medienregulierung und der Darstellung der anhaltenden Kontroverse um die Kompetenzen zwischen EU und Mitgliedstaaten. Sodann wird zun\u00e4chst die Verordnung in Kurzform dargestellt und anschlie\u00dfend auf die Rechte und Pflichten eingegangen, die sich aus ihr f\u00fcr verschiedene Akteure in der medialen Verbreitungskette &#8211; von Rezipienten\/Nutzern, \u00fcber private und \u00f6ffentlich-rechtliche Mediendienste, Online-Plattformen, bis hin zu Hersteller, Entwickler und Importeure von Ger\u00e4ten und Benutzeroberfl\u00e4chen &#8211; ergeben. Eine gro\u00dfe Rolle spielt dabei auch das institutionelle System, mit dem die Verordnung ihr materielles Ger\u00fcst sowie die Richtlinie \u00fcber audiovisuelle Mediendienste st\u00fctzen will.\u00a0<\/p>\n<p>Die Autoren folgen dabei einem Ansatz, der die Regelungen auch f\u00fcr Praktiker und nicht nur f\u00fcr Juristen im Hinblick auf das Verst\u00e4ndnis komplexer Rechtsbeziehungen zug\u00e4nglich machen will. In ihrem zusammenfassenden Ausblick weisen sie dabei darauf hin, dass es in den kommenden Monaten und Jahren auch auf die Art und Weise ankommen wird, wie die Mitgliedstaaten die Verordnung in ihrem nationalen Recht aufgreifen, da viele Gestaltungsspielr\u00e4ume und Ausgestaltungsauftr\u00e4ge in ihr enthalten sind.\u00a0<\/p>\n<div class='et-box et-bio'>\n\t\t\t\t\t<div class='et-box-content'><p><strong>Die verschiedenen Sprachfassungen gibt es hier zum kostenlosen Download<\/strong>:<\/p>\n<p><a href=\"https:\/\/rm.coe.int\/das-europaische-medienfreiheitsgesetz-und-seine-bedeutung\/1680b2a0a0\" target=\"_blank\" rel=\"noopener\">Das Europ\u00e4ische Medienfreiheitsgesetz und seine Bedeutung<\/a> &#8211; deutsche Fassung\u00a0<\/p>\n<p><a href=\"https:\/\/rm.coe.int\/iris-2024-6-emfa-unfolded-en\/1680b2a0a1\" target=\"_blank\" rel=\"noopener\">The European Media Freedom Act unpacked<\/a> &#8211; English version<\/p>\n<p><a href=\"https:\/\/rm.coe.int\/le-reglement-europeen-sur-la-liberte-des-medias-a-la-loupe\/1680b2a1f5\" target=\"_blank\" rel=\"noopener\">Le r\u00e8glement europ\u00e9en sur la libert\u00e9 des m\u00e9dias \u00e0 la loupe<\/a> &#8211; version fran\u00e7aise<\/p><\/div><\/div>\n<p>&nbsp;<\/p>\n","protected":false},"excerpt":{"rendered":"<p>P\u00fcnktlich zum Jahresende 2024 wurde die neuste IRIS Spezial mit dem Titel &#8220;Das Europ\u00e4ische Medienfreiheitsgesetz und seine Bedeutung&#8221; (in der englischen Fassung &#8220;The European Media Freedom Act unpacked&#8221; und in der franz\u00f6sischen Fassung &#8220;Le r\u00e8glement europ\u00e9en sur la libert\u00e9 des m\u00e9dias \u00e0 la loupe&#8220;) ver\u00f6ffentlicht. Im Rahmen seiner Partnerschaft mit der Europ\u00e4ischen Audiovisuellen Informationsstelle, die [&hellip;]<\/p>\n","protected":false},"author":4,"featured_media":7204,"comment_status":"closed","ping_status":"closed","sticky":false,"template":"","format":"standard","meta":{"_et_pb_use_builder":"","_et_pb_old_content":"","_et_gb_content_width":"","footnotes":""},"categories":[3,1,395,388,356],"tags":[],"class_list":["post-7203","post","type-post","status-publish","format-standard","has-post-thumbnail","hentry","category-aktuelle-meldung","category-aktuelles","category-emfa","category-iris","category-juengste-veroeffentlichungen","et-has-post-format-content","et_post_format-et-post-format-standard"],"translation":{"provider":"WPGlobus","version":"3.0.2","language":"gb","enabled_languages":["de","fr","gb"],"languages":{"de":{"title":true,"content":true,"excerpt":false},"fr":{"title":false,"content":false,"excerpt":false},"gb":{"title":false,"content":false,"excerpt":false}}},"_links":{"self":[{"href":"https:\/\/emr-sb.de\/gb\/wp-json\/wp\/v2\/posts\/7203","targetHints":{"allow":["GET"]}}],"collection":[{"href":"https:\/\/emr-sb.de\/gb\/wp-json\/wp\/v2\/posts"}],"about":[{"href":"https:\/\/emr-sb.de\/gb\/wp-json\/wp\/v2\/types\/post"}],"author":[{"embeddable":true,"href":"https:\/\/emr-sb.de\/gb\/wp-json\/wp\/v2\/users\/4"}],"replies":[{"embeddable":true,"href":"https:\/\/emr-sb.de\/gb\/wp-json\/wp\/v2\/comments?post=7203"}],"version-history":[{"count":2,"href":"https:\/\/emr-sb.de\/gb\/wp-json\/wp\/v2\/posts\/7203\/revisions"}],"predecessor-version":[{"id":7206,"href":"https:\/\/emr-sb.de\/gb\/wp-json\/wp\/v2\/posts\/7203\/revisions\/7206"}],"wp:featuredmedia":[{"embeddable":true,"href":"https:\/\/emr-sb.de\/gb\/wp-json\/wp\/v2\/media\/7204"}],"wp:attachment":[{"href":"https:\/\/emr-sb.de\/gb\/wp-json\/wp\/v2\/media?parent=7203"}],"wp:term":[{"taxonomy":"category","embeddable":true,"href":"https:\/\/emr-sb.de\/gb\/wp-json\/wp\/v2\/categories?post=7203"},{"taxonomy":"post_tag","embeddable":true,"href":"https:\/\/emr-sb.de\/gb\/wp-json\/wp\/v2\/tags?post=7203"}],"curies":[{"name":"wp","href":"https:\/\/api.w.org\/{rel}","templated":true}]}}