{"id":7905,"date":"2025-10-20T13:28:30","date_gmt":"2025-10-20T11:28:30","guid":{"rendered":"https:\/\/emr-sb.de\/?p=7905"},"modified":"2025-10-20T13:28:38","modified_gmt":"2025-10-20T11:28:38","slug":"nachruf-petra-kammerevert","status":"publish","type":"post","link":"https:\/\/emr-sb.de\/gb\/nachruf-petra-kammerevert\/","title":{"rendered":"Nachruf &#8211; Petra Kammerevert"},"content":{"rendered":"<p class=\"x_elementToProof\" data-ogsc=\"rgb(0, 0, 0)\" data-olk-copy-source=\"MessageBody\">In stiller Trauer gedenkt das Institut f\u00fcr Europ\u00e4isches Medienrecht Frau Petra Kammerevert.<\/p>\n<p class=\"x_elementToProof\" data-ogsc=\"rgb(0, 0, 0)\"><span data-olk-copy-source=\"MessageBody\">Als Abgeordnete des Europ\u00e4ischen Parlaments, in dessen Ausschuss f\u00fcr Kultur und Bildung sie viele Jahre den Vorsitz f\u00fchrte, pr\u00e4gte sie die europ\u00e4ische Medienregulierung ma\u00dfgeblich. Schon zuvor hatte die Verstorbene als Leiterin der Gesch\u00e4ftsstelle des ARD-Programmbeirats stets ein offenes Ohr f\u00fcr medienrechtliche und medienpolitische Themen und aktuelle Herausforderungen des Sektors. Petra Kammerevert hat die Arbeit des EMR als engagierte Ansprechpartnerin und Ideengeberin auf EU-Ebene begleitet. Als Referentin auf zahlreichen Veranstaltungen des Instituts setzte sie wichtige Impulse und trug so auch ma\u00dfgeblich zur heutigen Anerkennung des EMR als Forum f\u00fcr den medienpolitischen und -rechtlichen Diskurs bei.<\/span><\/p>\n<p class=\"x_elementToProof\" data-ogsc=\"rgb(0, 0, 0)\">Wir werden ihr stets ein ehrendes Andenken bewahren.<\/p>\n<p class=\"x_elementToProof\" data-ogsc=\"rgb(0, 0, 0)\">Das Direktorium des EMR<\/p>\n<div id=\"x_Signature\" class=\"x_elementToProof\">\n<div class=\"x_elementToProof\" data-ogsc=\"rgb(0, 0, 0)\">\n<div class=\"post-wrap\">\n<div class=\"post-content entry-content\">\n<p>Prof. Dr. Stephan Ory \u2013 Prof. Dr. Mark D. Cole \u2013 Dr. J\u00f6rg Ukrow<\/p>\n<\/div>\n<\/div>\n<\/div>\n<\/div>\n","protected":false},"excerpt":{"rendered":"<p>In stiller Trauer gedenkt das Institut f\u00fcr Europ\u00e4isches Medienrecht Frau Petra Kammerevert. Als Abgeordnete des Europ\u00e4ischen Parlaments, in dessen Ausschuss f\u00fcr Kultur und Bildung sie viele Jahre den Vorsitz f\u00fchrte, pr\u00e4gte sie die europ\u00e4ische Medienregulierung ma\u00dfgeblich. Schon zuvor hatte die Verstorbene als Leiterin der Gesch\u00e4ftsstelle des ARD-Programmbeirats stets ein offenes Ohr f\u00fcr medienrechtliche und medienpolitische [&hellip;]<\/p>\n","protected":false},"author":4,"featured_media":7907,"comment_status":"closed","ping_status":"closed","sticky":false,"template":"","format":"standard","meta":{"_et_pb_use_builder":"","_et_pb_old_content":"","_et_gb_content_width":"","footnotes":""},"categories":[3,1],"tags":[],"class_list":["post-7905","post","type-post","status-publish","format-standard","has-post-thumbnail","hentry","category-aktuelle-meldung","category-aktuelles","et-has-post-format-content","et_post_format-et-post-format-standard"],"translation":{"provider":"WPGlobus","version":"3.0.2","language":"gb","enabled_languages":["de","fr","gb"],"languages":{"de":{"title":true,"content":true,"excerpt":false},"fr":{"title":false,"content":false,"excerpt":false},"gb":{"title":false,"content":false,"excerpt":false}}},"_links":{"self":[{"href":"https:\/\/emr-sb.de\/gb\/wp-json\/wp\/v2\/posts\/7905","targetHints":{"allow":["GET"]}}],"collection":[{"href":"https:\/\/emr-sb.de\/gb\/wp-json\/wp\/v2\/posts"}],"about":[{"href":"https:\/\/emr-sb.de\/gb\/wp-json\/wp\/v2\/types\/post"}],"author":[{"embeddable":true,"href":"https:\/\/emr-sb.de\/gb\/wp-json\/wp\/v2\/users\/4"}],"replies":[{"embeddable":true,"href":"https:\/\/emr-sb.de\/gb\/wp-json\/wp\/v2\/comments?post=7905"}],"version-history":[{"count":3,"href":"https:\/\/emr-sb.de\/gb\/wp-json\/wp\/v2\/posts\/7905\/revisions"}],"predecessor-version":[{"id":7910,"href":"https:\/\/emr-sb.de\/gb\/wp-json\/wp\/v2\/posts\/7905\/revisions\/7910"}],"wp:featuredmedia":[{"embeddable":true,"href":"https:\/\/emr-sb.de\/gb\/wp-json\/wp\/v2\/media\/7907"}],"wp:attachment":[{"href":"https:\/\/emr-sb.de\/gb\/wp-json\/wp\/v2\/media?parent=7905"}],"wp:term":[{"taxonomy":"category","embeddable":true,"href":"https:\/\/emr-sb.de\/gb\/wp-json\/wp\/v2\/categories?post=7905"},{"taxonomy":"post_tag","embeddable":true,"href":"https:\/\/emr-sb.de\/gb\/wp-json\/wp\/v2\/tags?post=7905"}],"curies":[{"name":"wp","href":"https:\/\/api.w.org\/{rel}","templated":true}]}}